{"id":13407,"date":"2025-01-11T17:28:07","date_gmt":"2025-01-11T14:28:07","guid":{"rendered":"https:\/\/tuluhanyunusemre.com.tr\/?p=13407"},"modified":"2025-06-11T16:54:31","modified_gmt":"2025-06-11T13:54:31","slug":"%d0%b0%d1%80%d1%82%d1%80%d0%b8%d1%82-%d1%82%d0%b0%d0%b7%d0%be%d0%b1%d0%b5%d0%b4%d1%80%d0%b5%d0%bd%d0%bd%d0%be%d0%b3%d0%be-%d1%81%d1%83%d1%81%d1%82%d0%b0%d0%b2%d0%b0","status":"publish","type":"post","link":"https:\/\/tuluhanyunusemre.com.tr\/ru\/%d0%b0%d1%80%d1%82%d1%80%d0%b8%d1%82-%d1%82%d0%b0%d0%b7%d0%be%d0%b1%d0%b5%d0%b4%d1%80%d0%b5%d0%bd%d0%bd%d0%be%d0%b3%d0%be-%d1%81%d1%83%d1%81%d1%82%d0%b0%d0%b2%d0%b0\/","title":{"rendered":"\u041a\u0430\u043b\u044c\u0446\u0438\u0444\u0438\u043a\u0430\u0446\u0438\u044f \u0431\u0435\u0434\u0440\u0430"},"content":{"rendered":"<p data-block-id=\"e52a4753-0d74-4623-ba4c-a850cbf2fb69\">Kal\u00e7a eklemindeki k\u0131k\u0131rda\u011f\u0131n zamanla a\u015f\u0131nmas\u0131, kemiklerin birbirine temas etmesine neden olur. Bu durum, sertlik, a\u011fr\u0131 ve hareket k\u0131s\u0131tl\u0131l\u0131\u011f\u0131yla kendini g\u00f6sterir. <strong>\u0430\u0440\u0442\u0440\u0438\u0442 \u0442\u0430\u0437\u043e\u0431\u0435\u0434\u0440\u0435\u043d\u043d\u043e\u0433\u043e \u0441\u0443\u0441\u0442\u0430\u0432\u0430<\/strong>, ilerleyici bir hastal\u0131k olup ya\u015fam kalitesini d\u00fc\u015f\u00fcrebilir. Genellikle ileri ya\u015flarda g\u00f6r\u00fclse de gen\u00e7 bireylerde de olu\u015fabilir.<\/p>\n<h2 data-block-id=\"0c199c7d-8466-46ae-981e-74c9486a5f42\">\u041a\u0430\u043a\u043e\u0432\u044b \u0441\u0438\u043c\u043f\u0442\u043e\u043c\u044b \u043a\u0430\u043b\u044c\u0446\u0438\u0444\u0438\u043a\u0430\u0446\u0438\u0438 \u0442\u0430\u0437\u043e\u0431\u0435\u0434\u0440\u0435\u043d\u043d\u043e\u0433\u043e \u0441\u0443\u0441\u0442\u0430\u0432\u0430?<\/h2>\n<p><img fetchpriority=\"high\" decoding=\"async\" class=\"size-medium wp-image-13965 alignleft\" src=\"https:\/\/tuluhanyunusemre.com.tr\/wp-content\/uploads\/2025\/01\/kalca-kireclenmesi-2-1-300x180.jpg\" alt=\"\u041a\u0430\u043b\u044c\u0446\u0438\u0444\u0438\u043a\u0430\u0446\u0438\u044f \u0431\u0435\u0434\u0440\u0430\" width=\"300\" height=\"180\" srcset=\"https:\/\/tuluhanyunusemre.com.tr\/wp-content\/uploads\/2025\/01\/kalca-kireclenmesi-2-1-300x180.jpg 300w, https:\/\/tuluhanyunusemre.com.tr\/wp-content\/uploads\/2025\/01\/kalca-kireclenmesi-2-1-768x461.jpg 768w, https:\/\/tuluhanyunusemre.com.tr\/wp-content\/uploads\/2025\/01\/kalca-kireclenmesi-2-1-18x12.jpg 18w, https:\/\/tuluhanyunusemre.com.tr\/wp-content\/uploads\/2025\/01\/kalca-kireclenmesi-2-1.jpg 1000w\" sizes=\"(max-width: 300px) 100vw, 300px\" \/><\/p>\n<p data-block-id=\"b701b7e6-748a-4fe6-b9a7-bfd3614b858b\">Hastal\u0131\u011f\u0131n ba\u015flang\u0131c\u0131nda hafif rahats\u0131zl\u0131klar g\u00f6r\u00fcl\u00fcr. Kal\u00e7ada yorgunluk hissi, ilk ad\u0131mda tutukluk veya sabah sertli\u011fi olu\u015fabilir. Bu belirtiler ge\u00e7ici olsa da zamanla art\u0131\u015f g\u00f6sterir. \u00d6zellikle fiziksel aktivite sonras\u0131 a\u011fr\u0131 hissedilir. Eklem \u00e7evresinde hafif \u015fi\u015flik ve hassasiyet olu\u015fabilir. Bu durum hareketleri k\u0131s\u0131tlayabilir.<\/p>\n<p data-block-id=\"8d425562-52e5-4807-a188-5eb2b457f2ab\"><strong>\u0430\u0440\u0442\u0440\u0438\u0442 \u0442\u0430\u0437\u043e\u0431\u0435\u0434\u0440\u0435\u043d\u043d\u043e\u0433\u043e \u0441\u0443\u0441\u0442\u0430\u0432\u0430<\/strong>, kas\u0131k b\u00f6lgesinde a\u011fr\u0131ya neden olabilir. Bu a\u011fr\u0131, kal\u00e7adan dize kadar yay\u0131labilir. Oturmak, kalkmak veya merdiven \u00e7\u0131kmak zorla\u015fabilir. Zamanla bu hareketler a\u011fr\u0131l\u0131 hale gelir. Ki\u015fi topallamaya ba\u015flar ve y\u00fcr\u00fcy\u00fc\u015f d\u00fczeni de\u011fi\u015fir. Gece a\u011fr\u0131s\u0131 da s\u0131kl\u0131kla g\u00f6r\u00fcl\u00fcr. Bu durum uyku kalitesini etkiler.<\/p>\n<p data-block-id=\"f75af5de-f570-488f-b825-21e1b1fd8272\">Hastalar, kal\u00e7alar\u0131nda g\u0131c\u0131rdama ya da s\u00fcrt\u00fcnme sesi hissedebilir. Hareket s\u0131ras\u0131nda eklemden ses gelmesi tipik bir belirtidir. Eklem s\u0131v\u0131s\u0131 azald\u0131\u011f\u0131nda bu sesler daha belirgin hale gelir. Hareket k\u0131s\u0131tl\u0131l\u0131\u011f\u0131 artar ve ki\u015fi bacaklar\u0131n\u0131 tam a\u00e7\u0131p kapatmakta zorlan\u0131r. Bu da g\u00fcnl\u00fck aktiviteleri k\u0131s\u0131tlayabilir.<\/p>\n<p data-block-id=\"e132bd26-6927-4dfe-81d3-54ca60f8fbd4\">\u0130lerlemi\u015f vakalarda, bacak uzunluk fark\u0131 olu\u015fabilir. Bu durum omurgay\u0131 etkileyebilir. Bel a\u011fr\u0131lar\u0131 ve denge kay\u0131plar\u0131 geli\u015febilir. Eklem y\u00fczeyinin bozulmas\u0131, duru\u015f bozukluklar\u0131na yol a\u00e7ar. Ki\u015fi zorunlu olarak kal\u00e7ay\u0131 koruyan pozisyonlar al\u0131r. Bu da di\u011fer eklemlerde bask\u0131ya neden olur.<\/p>\n<h3 data-block-id=\"2944378a-0f5a-488e-be3b-2bd3a2af500a\">\u0427\u0442\u043e \u0432\u044b\u0437\u044b\u0432\u0430\u0435\u0442 \u043a\u0430\u043b\u044c\u0446\u0438\u0444\u0438\u043a\u0430\u0446\u0438\u044e \u0431\u0435\u0434\u0440\u0430?<\/h3>\n<p data-block-id=\"b4229f13-1869-4407-b674-47cd71eca2bc\">K\u0131k\u0131rdak, ya\u015fla birlikte elastikiyetini kaybeder. V\u00fccudun do\u011fal yenilenme s\u00fcreci yava\u015flad\u0131\u011f\u0131nda, eklemler daha kolay hasar g\u00f6r\u00fcr. Zamanla k\u0131k\u0131rdak yap\u0131s\u0131 incelir ve y\u00fck ta\u015f\u0131ma kapasitesi d\u00fc\u015fer. Bu da kemiklerin do\u011frudan temas etmesine yol a\u00e7ar. S\u00fcre\u00e7 a\u011fr\u0131, \u015fi\u015flik ve hareket kayb\u0131yla devam eder.<\/p>\n<p data-block-id=\"9922cfff-f08b-437e-be88-0c78fc64aa34\"><strong>\u0430\u0440\u0442\u0440\u0438\u0442 \u0442\u0430\u0437\u043e\u0431\u0435\u0434\u0440\u0435\u043d\u043d\u043e\u0433\u043e \u0441\u0443\u0441\u0442\u0430\u0432\u0430<\/strong>, kilo, yaralanma, genetik ve iltihapl\u0131 hastal\u0131klarla olu\u015fabilir. Fazla kilolu bireylerde eklemler \u00fczerindeki bas\u0131n\u00e7 artar. Bu da k\u0131k\u0131rda\u011f\u0131n daha h\u0131zl\u0131 a\u015f\u0131nmas\u0131na neden olur. Aile \u00f6yk\u00fcs\u00fc olan ki\u015filerde risk daha y\u00fcksektir.<\/p>\n<p data-block-id=\"50b04dc4-6a75-47af-87d6-4d185d94b3da\">\u00c7ocukluk \u00e7a\u011f\u0131nda ge\u00e7irilen kal\u00e7a \u00e7\u0131k\u0131\u011f\u0131 veya travmalar da ileride bu rahats\u0131zl\u0131\u011fa zemin haz\u0131rlayabilir. Bu t\u00fcr durumlar eklem y\u00fczeylerinde bozukluk olu\u015fturur. Zamanla bu bozukluklar dejeneratif hale gelir. Ayn\u0131 zamanda uzun s\u00fcre hareketsiz kalmak da eklem sa\u011fl\u0131\u011f\u0131n\u0131 olumsuz etkiler.<\/p>\n<p data-block-id=\"33a669d2-4149-4366-8cf6-759507b4c8a5\">Baz\u0131 meslekler veya ya\u015fam tarzlar\u0131 da risk olu\u015fturur. S\u00fcrekli oturarak \u00e7al\u0131\u015fanlar, a\u011f\u0131r y\u00fck ta\u015f\u0131yanlar ya da uzun mesafe y\u00fcr\u00fcyenlerde kal\u00e7a daha \u00e7ok zorlan\u0131r. Bu tekrar eden stres, zamanla eklem dokular\u0131n\u0131 y\u0131prat\u0131r. \u00d6nlem al\u0131nmad\u0131\u011f\u0131nda kal\u0131c\u0131 k\u0131k\u0131rdak hasar\u0131na yol a\u00e7ar.<\/p>\n<h3 data-block-id=\"f99b26ff-5ea1-4d1e-a41c-0990524e2b8f\">\u041a\u0430\u043a \u043b\u0435\u0447\u0438\u0442\u044c \u043e\u0441\u0442\u0435\u043e\u0430\u0440\u0442\u0440\u0438\u0442 \u0442\u0430\u0437\u043e\u0431\u0435\u0434\u0440\u0435\u043d\u043d\u043e\u0433\u043e \u0441\u0443\u0441\u0442\u0430\u0432\u0430?<\/h3>\n<p><img decoding=\"async\" class=\"size-medium wp-image-13964 alignright\" src=\"https:\/\/tuluhanyunusemre.com.tr\/wp-content\/uploads\/2025\/01\/kalca-kireclenmesi-3-300x180.jpg\" alt=\"\u041a\u0430\u043b\u044c\u0446\u0438\u0444\u0438\u043a\u0430\u0446\u0438\u044f \u0431\u0435\u0434\u0440\u0430\" width=\"300\" height=\"180\" srcset=\"https:\/\/tuluhanyunusemre.com.tr\/wp-content\/uploads\/2025\/01\/kalca-kireclenmesi-3-300x180.jpg 300w, https:\/\/tuluhanyunusemre.com.tr\/wp-content\/uploads\/2025\/01\/kalca-kireclenmesi-3-768x461.jpg 768w, https:\/\/tuluhanyunusemre.com.tr\/wp-content\/uploads\/2025\/01\/kalca-kireclenmesi-3-18x12.jpg 18w, https:\/\/tuluhanyunusemre.com.tr\/wp-content\/uploads\/2025\/01\/kalca-kireclenmesi-3.jpg 1000w\" sizes=\"(max-width: 300px) 100vw, 300px\" \/><\/p>\n<p data-block-id=\"e2f504da-6f8a-476f-a80c-2c195adf3c16\">Hafif vakalarda ya\u015fam tarz\u0131 de\u011fi\u015fiklikleri \u00f6nerilir. Fazla kilo varsa kontroll\u00fc \u015fekilde verilmesi gerekir. Egzersizlerle kal\u00e7a \u00e7evresi kaslar g\u00fc\u00e7lendirilir. B\u00f6ylece ekleme binen y\u00fck azalt\u0131l\u0131r. D\u00fc\u015f\u00fck etkili egzersizler \u00f6nerilir. Bu aktiviteler hem esnekli\u011fi hem de dayan\u0131kl\u0131l\u0131\u011f\u0131 art\u0131r\u0131r.<\/p>\n<p data-block-id=\"e0577229-0d9a-4693-8fd0-a6bd9b34c0ed\"><strong>\u0430\u0440\u0442\u0440\u0438\u0442 \u0442\u0430\u0437\u043e\u0431\u0435\u0434\u0440\u0435\u043d\u043d\u043e\u0433\u043e \u0441\u0443\u0441\u0442\u0430\u0432\u0430<\/strong> tedavisinde ila\u00e7lar da kullan\u0131l\u0131r. A\u011fr\u0131 kesici, antiinflamatuar ve kas gev\u015feticiler semptomlar\u0131 hafifletir. Kortikosteroid enjeksiyonlar\u0131 eklem i\u00e7ine uygulanabilir. Bu enjeksiyonlar a\u011fr\u0131y\u0131 azalt\u0131r ve hareket kabiliyetini art\u0131r\u0131r. Ancak uzun vadeli kullan\u0131m \u00f6nerilmez.<\/p>\n<p data-block-id=\"08dbe98f-bda9-4991-8641-b76c4dbdeadb\">Fizik tedavi uzman\u0131 e\u015fli\u011finde yap\u0131lan \u00f6zel programlar \u00e7ok etkilidir. Esneklik ve kas dayan\u0131kl\u0131l\u0131\u011f\u0131n\u0131 art\u0131rmak i\u00e7in \u00f6zel egzersiz planlar\u0131 haz\u0131rlan\u0131r. Ayr\u0131ca ortez ya da baston gibi destekleyici cihazlar \u00f6nerilebilir. Bu cihazlar y\u00fcr\u00fcy\u00fc\u015f\u00fc kolayla\u015ft\u0131r\u0131r ve dengeyi art\u0131r\u0131r.<\/p>\n<p data-block-id=\"80e04f6d-8830-43de-8857-f7c40f9502c1\">Cerrahi tedavi se\u00e7enekleri, ileri vakalar i\u00e7in uygundur. Kal\u00e7a protezi ameliyat\u0131 en s\u0131k tercih edilen y\u00f6ntemdir. Bu i\u015flemde hasar g\u00f6rm\u00fc\u015f kal\u00e7a y\u00fczeyi \u00e7\u0131kar\u0131l\u0131r ve yerine yapay eklem yerle\u015ftirilir. Osteotomi gibi eklem koruyucu cerrahi se\u00e7enekler de de\u011ferlendirilebilir. Karar, hastan\u0131n genel durumuna g\u00f6re verilmelidir.<\/p>\n<h3 data-block-id=\"02369a22-f286-4c4d-a8a3-37dbd7bf9fcf\">Kal\u00e7a Kire\u00e7lenmesi ile Ya\u015fam: Koruyucu ve Destekleyici \u00d6nlemler<\/h3>\n<p data-block-id=\"68b2d2fc-a53d-4676-b0fb-289ae31097f8\">Eklem sa\u011fl\u0131\u011f\u0131n\u0131 korumak i\u00e7in d\u00fczenli hareket \u015fartt\u0131r. Ancak ekleme zarar verecek ani hareketlerden ka\u00e7\u0131n\u0131lmal\u0131d\u0131r. Uygun ayakkab\u0131 kullan\u0131m\u0131 da destekleyici bir y\u00f6ntemdir. Ortopedik tabanl\u0131klar, bas\u0131nc\u0131 e\u015fit \u015fekilde da\u011f\u0131tarak kal\u00e7ay\u0131 rahatlat\u0131r. Bu, y\u00fcr\u00fcy\u00fc\u015f s\u0131ras\u0131nda olu\u015fan zorlanmay\u0131 azalt\u0131r.<\/p>\n<p data-block-id=\"59bbe52d-424a-4d0a-9ffc-17b0a0054ada\">Beslenme, tedavinin \u00f6nemli bir par\u00e7as\u0131d\u0131r. D vitamini, kalsiyum ve omega-3 bak\u0131m\u0131ndan zengin besinler tercih edilmelidir. \u015eeker ve i\u015flenmi\u015f g\u0131dalardan ka\u00e7\u0131n\u0131lmal\u0131d\u0131r. Bu beslenme al\u0131\u015fkanl\u0131klar\u0131 iltihaplanmay\u0131 azaltabilir. Ayn\u0131 zamanda kemik sa\u011fl\u0131\u011f\u0131n\u0131 da destekler.<\/p>\n<p data-block-id=\"1634c0a9-36b7-4ec0-a3f6-1fc50f164f9f\">Psikolojik destek de \u00f6nemlidir. Uzun s\u00fcren a\u011fr\u0131lar ve hareket k\u0131s\u0131tl\u0131l\u0131\u011f\u0131 ki\u015fide motivasyon kayb\u0131na neden olabilir. Bu nedenle sosyal destek a\u011flar\u0131n\u0131n g\u00fc\u00e7lendirilmesi, tedaviye uyumu art\u0131r\u0131r. Egzersiz gruplar\u0131 veya destek gruplar\u0131 bu s\u00fcre\u00e7te yard\u0131mc\u0131 olabilir.<\/p>\n<p data-block-id=\"67fb8fa3-e0e9-4676-9ba9-1a7b85356d4c\">G\u00fcnl\u00fck ya\u015fant\u0131da dikkatli olmak gerekir. Kal\u00e7a \u00fczerine ani y\u00fck binmesini engelleyecek d\u00fczenlemeler yap\u0131lmal\u0131d\u0131r. Ev i\u00e7inde kaymaz zeminler tercih edilmelidir. Oturup kalkarken destek al\u0131nmal\u0131d\u0131r. Gerekirse ev ortam\u0131 ergonomik hale getirilmelidir.<\/p>\n<p data-block-id=\"da371187-dbcf-4cb8-a247-88313fb396ad\"><strong>\u0430\u0440\u0442\u0440\u0438\u0442 \u0442\u0430\u0437\u043e\u0431\u0435\u0434\u0440\u0435\u043d\u043d\u043e\u0433\u043e \u0441\u0443\u0441\u0442\u0430\u0432\u0430<\/strong> erken d\u00f6nemde fark edilirse etkin \u015fekilde y\u00f6netilebilir. Ya\u015fam tarz\u0131 de\u011fi\u015fiklikleri, d\u00fczenli egzersiz ve medikal destekle belirtiler kontrol alt\u0131na al\u0131nabilir. Tedavi s\u00fcrecine uyum, kal\u00e7a fonksiyonlar\u0131n\u0131n korunmas\u0131nda belirleyici rol oynar.<\/p>","protected":false},"excerpt":{"rendered":"<p>Kal\u00e7a eklemindeki k\u0131k\u0131rda\u011f\u0131n zamanla a\u015f\u0131nmas\u0131, kemiklerin birbirine temas etmesine neden olur. Bu durum, sertlik, a\u011fr\u0131 ve hareket k\u0131s\u0131tl\u0131l\u0131\u011f\u0131yla kendini g\u00f6sterir. Kal\u00e7a kire\u00e7lenmesi, ilerleyici bir hastal\u0131k olup ya\u015fam kalitesini d\u00fc\u015f\u00fcrebilir. Genellikle ileri ya\u015flarda g\u00f6r\u00fclse de gen\u00e7 bireylerde de olu\u015fabilir. Kal\u00e7a Kire\u00e7lenmesi Belirtileri Nelerdir? Hastal\u0131\u011f\u0131n ba\u015flang\u0131c\u0131nda hafif rahats\u0131zl\u0131klar g\u00f6r\u00fcl\u00fcr. Kal\u00e7ada yorgunluk hissi, ilk ad\u0131mda tutukluk veya sabah [&hellip;]<\/p>","protected":false},"author":1,"featured_media":13966,"comment_status":"closed","ping_status":"open","sticky":false,"template":"","format":"standard","meta":{"footnotes":""},"categories":[1],"tags":[],"class_list":["post-13407","post","type-post","status-publish","format-standard","has-post-thumbnail","hentry","category-ortopedi-ve-travmatoloji"],"_links":{"self":[{"href":"https:\/\/tuluhanyunusemre.com.tr\/ru\/wp-json\/wp\/v2\/posts\/13407","targetHints":{"allow":["GET"]}}],"collection":[{"href":"https:\/\/tuluhanyunusemre.com.tr\/ru\/wp-json\/wp\/v2\/posts"}],"about":[{"href":"https:\/\/tuluhanyunusemre.com.tr\/ru\/wp-json\/wp\/v2\/types\/post"}],"author":[{"embeddable":true,"href":"https:\/\/tuluhanyunusemre.com.tr\/ru\/wp-json\/wp\/v2\/users\/1"}],"replies":[{"embeddable":true,"href":"https:\/\/tuluhanyunusemre.com.tr\/ru\/wp-json\/wp\/v2\/comments?post=13407"}],"version-history":[{"count":2,"href":"https:\/\/tuluhanyunusemre.com.tr\/ru\/wp-json\/wp\/v2\/posts\/13407\/revisions"}],"predecessor-version":[{"id":13967,"href":"https:\/\/tuluhanyunusemre.com.tr\/ru\/wp-json\/wp\/v2\/posts\/13407\/revisions\/13967"}],"wp:featuredmedia":[{"embeddable":true,"href":"https:\/\/tuluhanyunusemre.com.tr\/ru\/wp-json\/wp\/v2\/media\/13966"}],"wp:attachment":[{"href":"https:\/\/tuluhanyunusemre.com.tr\/ru\/wp-json\/wp\/v2\/media?parent=13407"}],"wp:term":[{"taxonomy":"category","embeddable":true,"href":"https:\/\/tuluhanyunusemre.com.tr\/ru\/wp-json\/wp\/v2\/categories?post=13407"},{"taxonomy":"post_tag","embeddable":true,"href":"https:\/\/tuluhanyunusemre.com.tr\/ru\/wp-json\/wp\/v2\/tags?post=13407"}],"curies":[{"name":"wp","href":"https:\/\/api.w.org\/{rel}","templated":true}]}}